{"id":3894,"date":"2021-01-20T11:22:57","date_gmt":"2021-01-20T11:22:57","guid":{"rendered":"https:\/\/www.casamalta.it\/?p=3894"},"modified":"2024-06-04T14:50:27","modified_gmt":"2024-06-04T14:50:27","slug":"casa-malta-sociale","status":"publish","type":"post","link":"https:\/\/www.casamalta.it\/index.php\/2021\/01\/20\/casa-malta-sociale\/","title":{"rendered":"CASA MALTA PER IL SOCIALE"},"content":{"rendered":"<p dir=\"auto\">La nostra associazione da sempre segue una serie di progetti a sfondo sociale, raccogliendo i fondi dalle nostre attivit\u00e0, dalle donazioni dei nostri soci e dalle vendite del <strong>colletivo Cros\u00e9 61, <\/strong>che produce tanti bellissimi accessori all&#8217;uncinetto.<\/p>\n<p dir=\"auto\">Due sabati al mese, inoltre, nella nostra sede si ritrova il gruppo delle <strong>Fate<\/strong>, con cui l&#8217;associazione gi\u00e0 in passato aveva realizzato un progetto. Le fate sono un gruppo di pazienti psichiatriche che vengono coinvolte in attivit\u00e0 manuali e creative.<\/p>\n<p dir=\"auto\"><!--more--><\/p>\n<p>Ecco alcuni progetti che sono stati sostenuti con i fondi raccolti:<\/p>\n<p dir=\"auto\">1. Il primo progetto a cui abbiamo dedicato il nostro contributo \u00e8 stato\u00a0<strong>PROGETTO HOME MADE<\/strong>\u00a0 della\u00a0Comunit\u00e0 Mauriziana di Luserna San Giovanni, che si occupa di disabilit\u00e0. Abbiamo provveduto all&#8217;acquisto di materiali necessari ai laboratori di creativit\u00e0 per gli ospiti della comunit\u00e0.<\/p>\n<p dir=\"auto\">2.\u00a0<strong>FATE<\/strong>\u00a0 della COOPERATIVA PROGEST.\u00a0Un percorso per lo sviluppo delle abilit\u00e0 artigianali, dedicato alle FATE dei servizi di psichiatria. Un&#8217;opportunit\u00e0 di reinventarsi e reinventare. Una delicata esortazione all&#8217;emancipazione attraverso l&#8217;atto creativo, nella convinzione che il riscatto possa cominciare anche dallo scarto.<\/p>\n<p dir=\"auto\">3. <strong>Raccolta fondi<\/strong> per aiutare la nostra amica Silvana Corbani a risistemare il suo Sukriti Resort fortemente danneggiato dal passaggio del ciclone in Kerala, che ha raggiunto il suo obbiettivo.<\/p>\n<p>4. <strong>Sostegno al Villaggio sole onlus<\/strong> per la realizzazione di asili in Mozambico e Burkina Faso.<\/p>\n<p>5. <strong>Adesione al Gruppo Teaming<\/strong> in favore di Casa bau, che si occupa della cura, della riabilitazione e dell&#8217;adozione di cani disabili.<\/p>\n<p>6. <strong>Adozione a distanza di Polly<\/strong>, dal Rifugio Il Bau di Alpignano. In questi giorni purtroppo \u00e8 mancata e\u00a0 noi abbiamo deciso di adottare un altro cagnino anzianotto&#8230;\u00e8 arrivata <strong>Anna!<\/strong><\/p>\n<div id='gallery-1' class='gallery galleryid-3894 gallery-columns-3 gallery-size-thumbnail'><figure class='gallery-item'>\n\t\t\t<div class='gallery-icon portrait'>\n\t\t\t\t<a href='https:\/\/www.casamalta.it\/7ea842bf-e77a-4e5b-ab88-2d0c071170e6\/' class=\"img-link\"><img width=\"150\" height=\"150\" src=\"https:\/\/www.casamalta.it\/wp-content\/uploads\/2023\/05\/7ea842bf-e77a-4e5b-ab88-2d0c071170e6-150x150.jpeg\" class=\"attachment-thumbnail size-thumbnail\" alt=\"\" decoding=\"async\" loading=\"lazy\" \/><\/a>\n\t\t\t<\/div><\/figure><figure class='gallery-item'>\n\t\t\t<div class='gallery-icon portrait'>\n\t\t\t\t<a href='https:\/\/www.casamalta.it\/index.php\/2021\/01\/20\/casa-malta-sociale\/73b06b61-0070-4dba-b103-08c447c7f684-2\/' class=\"img-link\"><img width=\"150\" height=\"150\" src=\"https:\/\/www.casamalta.it\/wp-content\/uploads\/2021\/01\/73b06b61-0070-4dba-b103-08c447c7f684-150x150.jpeg\" class=\"attachment-thumbnail size-thumbnail\" alt=\"\" decoding=\"async\" loading=\"lazy\" \/><\/a>\n\t\t\t<\/div><\/figure><figure class='gallery-item'>\n\t\t\t<div class='gallery-icon landscape'>\n\t\t\t\t<a href='https:\/\/www.casamalta.it\/index.php\/2021\/01\/20\/casa-malta-sociale\/251879670_1923688481146841_3821494946274684033_n-1-600x600\/' class=\"img-link\"><img width=\"150\" height=\"150\" src=\"https:\/\/www.casamalta.it\/wp-content\/uploads\/2021\/01\/251879670_1923688481146841_3821494946274684033_n-1-600x600-150x150.jpg\" class=\"attachment-thumbnail size-thumbnail\" alt=\"\" decoding=\"async\" loading=\"lazy\" srcset=\"https:\/\/www.casamalta.it\/wp-content\/uploads\/2021\/01\/251879670_1923688481146841_3821494946274684033_n-1-600x600-150x150.jpg 150w, https:\/\/www.casamalta.it\/wp-content\/uploads\/2021\/01\/251879670_1923688481146841_3821494946274684033_n-1-600x600-300x300.jpg 300w, https:\/\/www.casamalta.it\/wp-content\/uploads\/2021\/01\/251879670_1923688481146841_3821494946274684033_n-1-600x600-500x500.jpg 500w, https:\/\/www.casamalta.it\/wp-content\/uploads\/2021\/01\/251879670_1923688481146841_3821494946274684033_n-1-600x600.jpg 600w\" sizes=\"(max-width: 150px) 100vw, 150px\" \/><\/a>\n\t\t\t<\/div><\/figure><figure class='gallery-item'>\n\t\t\t<div class='gallery-icon portrait'>\n\t\t\t\t<a href='https:\/\/www.casamalta.it\/index.php\/2021\/01\/20\/casa-malta-sociale\/1c240d43-5d81-404e-b3a0-c9fc18df6559\/' class=\"img-link\"><img width=\"150\" height=\"150\" src=\"https:\/\/www.casamalta.it\/wp-content\/uploads\/2021\/01\/1c240d43-5d81-404e-b3a0-c9fc18df6559-150x150.jpeg\" class=\"attachment-thumbnail size-thumbnail\" alt=\"\" decoding=\"async\" loading=\"lazy\" \/><\/a>\n\t\t\t<\/div><\/figure><figure class='gallery-item'>\n\t\t\t<div class='gallery-icon portrait'>\n\t\t\t\t<a href='https:\/\/www.casamalta.it\/index.php\/2021\/01\/20\/casa-malta-sociale\/6679ad99-51c0-4122-83a7-b9205770ee3e\/' class=\"img-link\"><img width=\"150\" height=\"150\" src=\"https:\/\/www.casamalta.it\/wp-content\/uploads\/2021\/01\/6679ad99-51c0-4122-83a7-b9205770ee3e-150x150.jpeg\" class=\"attachment-thumbnail size-thumbnail\" alt=\"\" decoding=\"async\" loading=\"lazy\" \/><\/a>\n\t\t\t<\/div><\/figure><figure class='gallery-item'>\n\t\t\t<div class='gallery-icon portrait'>\n\t\t\t\t<a href='https:\/\/www.casamalta.it\/index.php\/2021\/01\/20\/casa-malta-sociale\/d47a964e-e613-4940-8520-8278e29cb26a\/' class=\"img-link\"><img width=\"150\" height=\"150\" src=\"https:\/\/www.casamalta.it\/wp-content\/uploads\/2021\/01\/d47a964e-e613-4940-8520-8278e29cb26a-150x150.jpeg\" class=\"attachment-thumbnail size-thumbnail\" alt=\"\" decoding=\"async\" loading=\"lazy\" \/><\/a>\n\t\t\t<\/div><\/figure>\n\t\t<\/div>\n\n<div dir=\"auto\"><em><strong>La vendita di borse, maglie, collane e altri accessori continua negli spazi di Casa Malta: passate e trovarci, per noi \u00e8 importante! <\/strong><\/em><\/div>\n<div dir=\"auto\"><em><strong>Scoprirete tante attivit\u00e0 a cui \u00e8 possibile dedicarsi come volontari, come il progetto di bookcrossing Book in Aurora.<\/strong><\/em><\/div>\n","protected":false},"excerpt":{"rendered":"<p>La nostra associazione da sempre segue una serie di progetti a sfondo sociale, raccogliendo i fondi dalle nostre attivit\u00e0, dalle donazioni dei nostri soci e dalle vendite del colletivo Cros\u00e9 61, che produce tanti bellissimi [&hellip;]<\/p>\n","protected":false},"author":1,"featured_media":4328,"comment_status":"closed","ping_status":"open","sticky":false,"template":"","format":"standard","meta":[],"categories":[18],"tags":[],"_links":{"self":[{"href":"https:\/\/www.casamalta.it\/index.php\/wp-json\/wp\/v2\/posts\/3894"}],"collection":[{"href":"https:\/\/www.casamalta.it\/index.php\/wp-json\/wp\/v2\/posts"}],"about":[{"href":"https:\/\/www.casamalta.it\/index.php\/wp-json\/wp\/v2\/types\/post"}],"author":[{"embeddable":true,"href":"https:\/\/www.casamalta.it\/index.php\/wp-json\/wp\/v2\/users\/1"}],"replies":[{"embeddable":true,"href":"https:\/\/www.casamalta.it\/index.php\/wp-json\/wp\/v2\/comments?post=3894"}],"version-history":[{"count":15,"href":"https:\/\/www.casamalta.it\/index.php\/wp-json\/wp\/v2\/posts\/3894\/revisions"}],"predecessor-version":[{"id":4676,"href":"https:\/\/www.casamalta.it\/index.php\/wp-json\/wp\/v2\/posts\/3894\/revisions\/4676"}],"wp:featuredmedia":[{"embeddable":true,"href":"https:\/\/www.casamalta.it\/index.php\/wp-json\/wp\/v2\/media\/4328"}],"wp:attachment":[{"href":"https:\/\/www.casamalta.it\/index.php\/wp-json\/wp\/v2\/media?parent=3894"}],"wp:term":[{"taxonomy":"category","embeddable":true,"href":"https:\/\/www.casamalta.it\/index.php\/wp-json\/wp\/v2\/categories?post=3894"},{"taxonomy":"post_tag","embeddable":true,"href":"https:\/\/www.casamalta.it\/index.php\/wp-json\/wp\/v2\/tags?post=3894"}],"curies":[{"name":"wp","href":"https:\/\/api.w.org\/{rel}","templated":true}]}}